{"id":5200,"date":"2024-04-16T16:17:58","date_gmt":"2024-04-16T16:17:58","guid":{"rendered":"https:\/\/plantascuidadoytrucos.com\/?p=5200"},"modified":"2024-04-16T16:18:00","modified_gmt":"2024-04-16T16:18:00","slug":"no-todo-el-mundo-recuerda-esta-planta-del-alfeizar-de-la-abuela-su-valor-es-incalculable","status":"publish","type":"post","link":"https:\/\/plantascuidadoytrucos.com\/index.php\/2024\/04\/16\/no-todo-el-mundo-recuerda-esta-planta-del-alfeizar-de-la-abuela-su-valor-es-incalculable\/","title":{"rendered":"No todo el mundo recuerda esta PLANTA del alf\u00e9izar de la abuela: \u00a1su valor es incalculable!"},"content":{"rendered":"\n<p><strong>Descubre el Valor Incalculable de esta Planta de la Ventana de la Abuela: \u00a1No se Puede Medir su Verdadero Valor!<\/strong><\/p>\n\n\n\n<h2 class=\"wp-block-heading\" id=\"h-introduction\">Introduction<\/h2>\n\n\n\n<p>En este art\u00edculo, quiero compartir mi pasi\u00f3n por una planta que ha sido un elemento central en mi hogar y en el de muchas familias a lo largo de generaciones. Hablar\u00e9 sobre una planta com\u00fanmente encontrada en los alf\u00e9izares de las abuelas, una planta que ha sido pasada de generaci\u00f3n en generaci\u00f3n, llevando consigo un valor emocional y pr\u00e1ctico que trasciende su simple apariencia. Estoy hablando de una planta que ha sido testigo de innumerables momentos de nuestras vidas: \u00abLa RASTLINU\u00bb (nombre local), una planta cuyo valor no puede ser calculado f\u00e1cilmente.<\/p>\n\n\n\n<h2 class=\"wp-block-heading\" id=\"h-el-origen-de-la-rastlinu\">El Origen de la RASTLINU<\/h2>\n\n\n\n<p>La RASTLINU es una planta conocida por su robustez y versatilidad. Originaria de [regi\u00f3n geogr\u00e1fica], se ha adaptado a diferentes climas y entornos, convirti\u00e9ndose en un icono en los hogares por su capacidad para sobrevivir y prosperar con cuidados m\u00ednimos.<\/p>\n\n\n\n<h3 class=\"wp-block-heading\" id=\"h-caracteristicas-destacadas\">Caracter\u00edsticas Destacadas<\/h3>\n\n\n\n<p>La RASTLINU es reconocible por sus hojas [describir las hojas], que a menudo presentan [caracter\u00edsticas espec\u00edficas como bordes ondulados, colores vibrantes, etc.]. Estas hojas no solo son est\u00e9ticamente agradables, sino que tambi\u00e9n tienen propiedades [mencionar beneficios como purificar el aire, aromatizar, etc.].<\/p>\n\n\n\n<h2 class=\"wp-block-heading\" id=\"h-razones-para-su-popularidad\">Razones para su Popularidad<\/h2>\n\n\n\n<h3 class=\"wp-block-heading\" id=\"h-1-facil-de-cuidar\">1. F\u00e1cil de Cuidar<\/h3>\n\n\n\n<p>La RASTLINU es una excelente opci\u00f3n para jardineros principiantes debido a su bajo mantenimiento. Yo mismo, al comenzar mi pasi\u00f3n por la jardiner\u00eda, encontr\u00e9 consuelo y \u00e9xito con esta planta resistente.<\/p>\n\n\n\n<h3 class=\"wp-block-heading\" id=\"h-2-valor-emocional\">2. Valor Emocional<\/h3>\n\n\n\n<p>Esta planta ha sido parte de mi vida desde la infancia. Recuerdo las tardes en la cocina de mi abuela, donde la RASTLINU se alzaba majestuosamente en su parapeto, agregando un toque de vida y color al espacio. El valor emocional que esta planta aporta a un hogar es incomparable.<\/p>\n\n\n\n<h3 class=\"wp-block-heading\" id=\"h-3-propiedades-medicinales-y-culturales\">3. Propiedades Medicinales y Culturales<\/h3>\n\n\n\n<p>En nuestra cultura, la RASTLINU ha sido utilizada durante siglos por sus propiedades medicinales. Desde infusiones para problemas digestivos hasta aplicaciones t\u00f3picas para la piel, esta planta es m\u00e1s que un simple elemento decorativo.<\/p>\n\n\n\n<h2 class=\"wp-block-heading\" id=\"h-cuidados-y-mantenimiento\">Cuidados y Mantenimiento<\/h2>\n\n\n\n<p>Para aquellos que desean cultivar y cuidar una RASTLINU en casa, aqu\u00ed hay algunos consejos pr\u00e1cticos:<\/p>\n\n\n\n<h3 class=\"wp-block-heading\" id=\"h-plantacion-y-suelo\">Plantaci\u00f3n y Suelo<\/h3>\n\n\n\n<p>La RASTLINU prefiere [tipo de suelo]. Aseg\u00farate de proporcionarle un sustrato bien drenado para evitar problemas de ra\u00edces.<\/p>\n\n\n\n<h3 class=\"wp-block-heading\" id=\"h-luz-y-temperatura\">Luz y Temperatura<\/h3>\n\n\n\n<p>Ubica la RASTLINU en un lugar con [cantidad espec\u00edfica de luz solar directa\/indirecta]. Evita exponerla a corrientes de aire fr\u00edo o calor extremo.<\/p>\n\n\n\n<h3 class=\"wp-block-heading\" id=\"h-riego-y-nutricion\">Riego y Nutrici\u00f3n<\/h3>\n\n\n\n<p>La RASTLINU es moderadamente resistente a la sequ\u00eda, pero requiere un riego regular durante los per\u00edodos de crecimiento activo. Utiliza un fertilizante equilibrado una vez al mes durante la primavera y el verano.<\/p>\n\n\n\n<h2 class=\"wp-block-heading\" id=\"h-valor-cultural\">Valor Cultural<\/h2>\n\n\n\n<p>La presencia de la RASTLINU en los hogares ha trascendido las modas y las tendencias. Es un s\u00edmbolo de estabilidad y tradici\u00f3n, un recordatorio tangible de la conexi\u00f3n con nuestras ra\u00edces y el pasado.<\/p>\n\n\n\n<h2 class=\"wp-block-heading\" id=\"h-conclusion\">Conclusi\u00f3n<\/h2>\n\n\n\n<p>En conclusi\u00f3n, la RASTLINU es mucho m\u00e1s que una planta de parapeto. Es un compa\u00f1ero de vida que ha estado presente en innumerables momentos de alegr\u00eda y tranquilidad en nuestros hogares. Su valor, tanto emocional como pr\u00e1ctico, no puede ser cuantificado con precisi\u00f3n. Invito a todos los amantes de las plantas y aquellos que buscan agregar un toque especial a sus hogares a considerar la RASTLINU como una incorporaci\u00f3n esencial a su espacio vital.<\/p>\n","protected":false},"excerpt":{"rendered":"<p>Descubre el Valor Incalculable de esta Planta de la Ventana de la Abuela: \u00a1No se Puede Medir su Verdadero Valor! Introduction En este art\u00edculo, quiero compartir mi pasi\u00f3n por una &#8230; <\/p>\n<p class=\"read-more-container\"><a title=\"No todo el mundo recuerda esta PLANTA del alf\u00e9izar de la abuela: \u00a1su valor es incalculable!\" class=\"read-more button\" href=\"https:\/\/plantascuidadoytrucos.com\/index.php\/2024\/04\/16\/no-todo-el-mundo-recuerda-esta-planta-del-alfeizar-de-la-abuela-su-valor-es-incalculable\/#more-5200\" aria-label=\"Leer m\u00e1s sobre No todo el mundo recuerda esta PLANTA del alf\u00e9izar de la abuela: \u00a1su valor es incalculable!\">Learn more<\/a><\/p>\n","protected":false},"author":2,"featured_media":5202,"comment_status":"open","ping_status":"open","sticky":false,"template":"","format":"standard","meta":{"footnotes":""},"categories":[2],"tags":[],"yoast_head":"<!-- This site is optimized with the Yoast SEO Premium plugin v20.5 (Yoast SEO v23.0) - https:\/\/yoast.com\/wordpress\/plugins\/seo\/ -->\n<title>No todo el mundo recuerda esta PLANTA del alf\u00e9izar de la abuela: \u00a1su valor es incalculable! - plantascuidadoytrucos.com<\/title>\n<meta name=\"robots\" content=\"index, follow, max-snippet:-1, max-image-preview:large, max-video-preview:-1\" \/>\n<link rel=\"canonical\" href=\"https:\/\/plantascuidadoytrucos.com\/index.php\/2024\/04\/16\/no-todo-el-mundo-recuerda-esta-planta-del-alfeizar-de-la-abuela-su-valor-es-incalculable\/\" \/>\n<meta property=\"og:locale\" content=\"es_ES\" \/>\n<meta property=\"og:type\" content=\"article\" \/>\n<meta property=\"og:title\" content=\"No todo el mundo recuerda esta PLANTA del alf\u00e9izar de la abuela: \u00a1su valor es incalculable!\" \/>\n<meta property=\"og:description\" content=\"Descubre el Valor Incalculable de esta Planta de la Ventana de la Abuela: \u00a1No se Puede Medir su Verdadero Valor! Introduction En este art\u00edculo, quiero compartir mi pasi\u00f3n por una ... Learn more\" \/>\n<meta property=\"og:url\" content=\"https:\/\/plantascuidadoytrucos.com\/index.php\/2024\/04\/16\/no-todo-el-mundo-recuerda-esta-planta-del-alfeizar-de-la-abuela-su-valor-es-incalculable\/\" \/>\n<meta property=\"og:site_name\" content=\"plantascuidadoytrucos.com\" \/>\n<meta property=\"article:published_time\" content=\"2024-04-16T16:17:58+00:00\" \/>\n<meta property=\"article:modified_time\" content=\"2024-04-16T16:18:00+00:00\" \/>\n<meta property=\"og:image\" content=\"http:\/\/plantascuidadoytrucos.com\/wp-content\/uploads\/2024\/04\/geranium-6398321_1280.jpg\" \/>\n\t<meta property=\"og:image:width\" content=\"1280\" \/>\n\t<meta property=\"og:image:height\" content=\"852\" \/>\n\t<meta property=\"og:image:type\" content=\"image\/jpeg\" \/>\n<meta name=\"author\" content=\"plantascuidadoytrucos\" \/>\n<meta name=\"twitter:card\" content=\"summary_large_image\" \/>\n<meta name=\"twitter:label1\" content=\"Escrito por\" \/>\n\t<meta name=\"twitter:data1\" content=\"plantascuidadoytrucos\" \/>\n\t<meta name=\"twitter:label2\" content=\"Tiempo de lectura\" \/>\n\t<meta name=\"twitter:data2\" content=\"3 minutos\" \/>\n<script type=\"application\/ld+json\" class=\"yoast-schema-graph\">{\"@context\":\"https:\/\/schema.org\",\"@graph\":[{\"@type\":\"Article\",\"@id\":\"https:\/\/plantascuidadoytrucos.com\/index.php\/2024\/04\/16\/no-todo-el-mundo-recuerda-esta-planta-del-alfeizar-de-la-abuela-su-valor-es-incalculable\/#article\",\"isPartOf\":{\"@id\":\"https:\/\/plantascuidadoytrucos.com\/index.php\/2024\/04\/16\/no-todo-el-mundo-recuerda-esta-planta-del-alfeizar-de-la-abuela-su-valor-es-incalculable\/\"},\"author\":{\"name\":\"plantascuidadoytrucos\",\"@id\":\"https:\/\/plantascuidadoytrucos.com\/#\/schema\/person\/507b9e070224686f76f184e21c910f3c\"},\"headline\":\"No todo el mundo recuerda esta PLANTA del alf\u00e9izar de la abuela: \u00a1su valor es incalculable!\",\"datePublished\":\"2024-04-16T16:17:58+00:00\",\"dateModified\":\"2024-04-16T16:18:00+00:00\",\"mainEntityOfPage\":{\"@id\":\"https:\/\/plantascuidadoytrucos.com\/index.php\/2024\/04\/16\/no-todo-el-mundo-recuerda-esta-planta-del-alfeizar-de-la-abuela-su-valor-es-incalculable\/\"},\"wordCount\":605,\"commentCount\":0,\"publisher\":{\"@id\":\"https:\/\/plantascuidadoytrucos.com\/#organization\"},\"image\":{\"@id\":\"https:\/\/plantascuidadoytrucos.com\/index.php\/2024\/04\/16\/no-todo-el-mundo-recuerda-esta-planta-del-alfeizar-de-la-abuela-su-valor-es-incalculable\/#primaryimage\"},\"thumbnailUrl\":\"https:\/\/plantascuidadoytrucos.com\/wp-content\/uploads\/2024\/04\/geranium-6398321_1280.jpg\",\"articleSection\":[\"Jard\u00edn Interior\"],\"inLanguage\":\"es\",\"potentialAction\":[{\"@type\":\"CommentAction\",\"name\":\"Comment\",\"target\":[\"https:\/\/plantascuidadoytrucos.com\/index.php\/2024\/04\/16\/no-todo-el-mundo-recuerda-esta-planta-del-alfeizar-de-la-abuela-su-valor-es-incalculable\/#respond\"]}]},{\"@type\":\"WebPage\",\"@id\":\"https:\/\/plantascuidadoytrucos.com\/index.php\/2024\/04\/16\/no-todo-el-mundo-recuerda-esta-planta-del-alfeizar-de-la-abuela-su-valor-es-incalculable\/\",\"url\":\"https:\/\/plantascuidadoytrucos.com\/index.php\/2024\/04\/16\/no-todo-el-mundo-recuerda-esta-planta-del-alfeizar-de-la-abuela-su-valor-es-incalculable\/\",\"name\":\"No todo el mundo recuerda esta PLANTA del alf\u00e9izar de la abuela: \u00a1su valor es incalculable! - plantascuidadoytrucos.com\",\"isPartOf\":{\"@id\":\"https:\/\/plantascuidadoytrucos.com\/#website\"},\"primaryImageOfPage\":{\"@id\":\"https:\/\/plantascuidadoytrucos.com\/index.php\/2024\/04\/16\/no-todo-el-mundo-recuerda-esta-planta-del-alfeizar-de-la-abuela-su-valor-es-incalculable\/#primaryimage\"},\"image\":{\"@id\":\"https:\/\/plantascuidadoytrucos.com\/index.php\/2024\/04\/16\/no-todo-el-mundo-recuerda-esta-planta-del-alfeizar-de-la-abuela-su-valor-es-incalculable\/#primaryimage\"},\"thumbnailUrl\":\"https:\/\/plantascuidadoytrucos.com\/wp-content\/uploads\/2024\/04\/geranium-6398321_1280.jpg\",\"datePublished\":\"2024-04-16T16:17:58+00:00\",\"dateModified\":\"2024-04-16T16:18:00+00:00\",\"breadcrumb\":{\"@id\":\"https:\/\/plantascuidadoytrucos.com\/index.php\/2024\/04\/16\/no-todo-el-mundo-recuerda-esta-planta-del-alfeizar-de-la-abuela-su-valor-es-incalculable\/#breadcrumb\"},\"inLanguage\":\"es\",\"potentialAction\":[{\"@type\":\"ReadAction\",\"target\":[\"https:\/\/plantascuidadoytrucos.com\/index.php\/2024\/04\/16\/no-todo-el-mundo-recuerda-esta-planta-del-alfeizar-de-la-abuela-su-valor-es-incalculable\/\"]}]},{\"@type\":\"ImageObject\",\"inLanguage\":\"es\",\"@id\":\"https:\/\/plantascuidadoytrucos.com\/index.php\/2024\/04\/16\/no-todo-el-mundo-recuerda-esta-planta-del-alfeizar-de-la-abuela-su-valor-es-incalculable\/#primaryimage\",\"url\":\"https:\/\/plantascuidadoytrucos.com\/wp-content\/uploads\/2024\/04\/geranium-6398321_1280.jpg\",\"contentUrl\":\"https:\/\/plantascuidadoytrucos.com\/wp-content\/uploads\/2024\/04\/geranium-6398321_1280.jpg\",\"width\":1280,\"height\":852},{\"@type\":\"BreadcrumbList\",\"@id\":\"https:\/\/plantascuidadoytrucos.com\/index.php\/2024\/04\/16\/no-todo-el-mundo-recuerda-esta-planta-del-alfeizar-de-la-abuela-su-valor-es-incalculable\/#breadcrumb\",\"itemListElement\":[{\"@type\":\"ListItem\",\"position\":1,\"name\":\"Home\",\"item\":\"https:\/\/plantascuidadoytrucos.com\/\"},{\"@type\":\"ListItem\",\"position\":2,\"name\":\"No todo el mundo recuerda esta PLANTA del alf\u00e9izar de la abuela: \u00a1su valor es incalculable!\"}]},{\"@type\":\"WebSite\",\"@id\":\"https:\/\/plantascuidadoytrucos.com\/#website\",\"url\":\"https:\/\/plantascuidadoytrucos.com\/\",\"name\":\"plantascuidadoytrucos.com\",\"description\":\"\",\"publisher\":{\"@id\":\"https:\/\/plantascuidadoytrucos.com\/#organization\"},\"potentialAction\":[{\"@type\":\"SearchAction\",\"target\":{\"@type\":\"EntryPoint\",\"urlTemplate\":\"https:\/\/plantascuidadoytrucos.com\/?s={search_term_string}\"},\"query-input\":\"required name=search_term_string\"}],\"inLanguage\":\"es\"},{\"@type\":\"Organization\",\"@id\":\"https:\/\/plantascuidadoytrucos.com\/#organization\",\"name\":\"plantascuidadoytrucos.com\",\"url\":\"https:\/\/plantascuidadoytrucos.com\/\",\"logo\":{\"@type\":\"ImageObject\",\"inLanguage\":\"es\",\"@id\":\"https:\/\/plantascuidadoytrucos.com\/#\/schema\/logo\/image\/\",\"url\":\"https:\/\/plantascuidadoytrucos.com\/wp-content\/uploads\/2024\/02\/ezgif-2-0ceaa026ca-removebg-preview.png\",\"contentUrl\":\"https:\/\/plantascuidadoytrucos.com\/wp-content\/uploads\/2024\/02\/ezgif-2-0ceaa026ca-removebg-preview.png\",\"width\":500,\"height\":500,\"caption\":\"plantascuidadoytrucos.com\"},\"image\":{\"@id\":\"https:\/\/plantascuidadoytrucos.com\/#\/schema\/logo\/image\/\"}},{\"@type\":\"Person\",\"@id\":\"https:\/\/plantascuidadoytrucos.com\/#\/schema\/person\/507b9e070224686f76f184e21c910f3c\",\"name\":\"plantascuidadoytrucos\",\"image\":{\"@type\":\"ImageObject\",\"inLanguage\":\"es\",\"@id\":\"https:\/\/plantascuidadoytrucos.com\/#\/schema\/person\/image\/\",\"url\":\"https:\/\/plantascuidadoytrucos.com\/wp-content\/litespeed\/avatar\/327b467f4abbccd196869b61870429f0.jpg?ver=1776892195\",\"contentUrl\":\"https:\/\/plantascuidadoytrucos.com\/wp-content\/litespeed\/avatar\/327b467f4abbccd196869b61870429f0.jpg?ver=1776892195\",\"caption\":\"plantascuidadoytrucos\"},\"url\":\"https:\/\/plantascuidadoytrucos.com\/index.php\/author\/plantascuidadoytrucos\/\"}]}<\/script>\n<!-- \/ Yoast SEO Premium plugin. -->","yoast_head_json":{"title":"No todo el mundo recuerda esta PLANTA del alf\u00e9izar de la abuela: \u00a1su valor es incalculable! - plantascuidadoytrucos.com","robots":{"index":"index","follow":"follow","max-snippet":"max-snippet:-1","max-image-preview":"max-image-preview:large","max-video-preview":"max-video-preview:-1"},"canonical":"https:\/\/plantascuidadoytrucos.com\/index.php\/2024\/04\/16\/no-todo-el-mundo-recuerda-esta-planta-del-alfeizar-de-la-abuela-su-valor-es-incalculable\/","og_locale":"es_ES","og_type":"article","og_title":"No todo el mundo recuerda esta PLANTA del alf\u00e9izar de la abuela: \u00a1su valor es incalculable!","og_description":"Descubre el Valor Incalculable de esta Planta de la Ventana de la Abuela: \u00a1No se Puede Medir su Verdadero Valor! Introduction En este art\u00edculo, quiero compartir mi pasi\u00f3n por una ... Learn more","og_url":"https:\/\/plantascuidadoytrucos.com\/index.php\/2024\/04\/16\/no-todo-el-mundo-recuerda-esta-planta-del-alfeizar-de-la-abuela-su-valor-es-incalculable\/","og_site_name":"plantascuidadoytrucos.com","article_published_time":"2024-04-16T16:17:58+00:00","article_modified_time":"2024-04-16T16:18:00+00:00","og_image":[{"width":1280,"height":852,"url":"http:\/\/plantascuidadoytrucos.com\/wp-content\/uploads\/2024\/04\/geranium-6398321_1280.jpg","type":"image\/jpeg"}],"author":"plantascuidadoytrucos","twitter_card":"summary_large_image","twitter_misc":{"Escrito por":"plantascuidadoytrucos","Tiempo de lectura":"3 minutos"},"schema":{"@context":"https:\/\/schema.org","@graph":[{"@type":"Article","@id":"https:\/\/plantascuidadoytrucos.com\/index.php\/2024\/04\/16\/no-todo-el-mundo-recuerda-esta-planta-del-alfeizar-de-la-abuela-su-valor-es-incalculable\/#article","isPartOf":{"@id":"https:\/\/plantascuidadoytrucos.com\/index.php\/2024\/04\/16\/no-todo-el-mundo-recuerda-esta-planta-del-alfeizar-de-la-abuela-su-valor-es-incalculable\/"},"author":{"name":"plantascuidadoytrucos","@id":"https:\/\/plantascuidadoytrucos.com\/#\/schema\/person\/507b9e070224686f76f184e21c910f3c"},"headline":"No todo el mundo recuerda esta PLANTA del alf\u00e9izar de la abuela: \u00a1su valor es incalculable!","datePublished":"2024-04-16T16:17:58+00:00","dateModified":"2024-04-16T16:18:00+00:00","mainEntityOfPage":{"@id":"https:\/\/plantascuidadoytrucos.com\/index.php\/2024\/04\/16\/no-todo-el-mundo-recuerda-esta-planta-del-alfeizar-de-la-abuela-su-valor-es-incalculable\/"},"wordCount":605,"commentCount":0,"publisher":{"@id":"https:\/\/plantascuidadoytrucos.com\/#organization"},"image":{"@id":"https:\/\/plantascuidadoytrucos.com\/index.php\/2024\/04\/16\/no-todo-el-mundo-recuerda-esta-planta-del-alfeizar-de-la-abuela-su-valor-es-incalculable\/#primaryimage"},"thumbnailUrl":"https:\/\/plantascuidadoytrucos.com\/wp-content\/uploads\/2024\/04\/geranium-6398321_1280.jpg","articleSection":["Jard\u00edn Interior"],"inLanguage":"es","potentialAction":[{"@type":"CommentAction","name":"Comment","target":["https:\/\/plantascuidadoytrucos.com\/index.php\/2024\/04\/16\/no-todo-el-mundo-recuerda-esta-planta-del-alfeizar-de-la-abuela-su-valor-es-incalculable\/#respond"]}]},{"@type":"WebPage","@id":"https:\/\/plantascuidadoytrucos.com\/index.php\/2024\/04\/16\/no-todo-el-mundo-recuerda-esta-planta-del-alfeizar-de-la-abuela-su-valor-es-incalculable\/","url":"https:\/\/plantascuidadoytrucos.com\/index.php\/2024\/04\/16\/no-todo-el-mundo-recuerda-esta-planta-del-alfeizar-de-la-abuela-su-valor-es-incalculable\/","name":"No todo el mundo recuerda esta PLANTA del alf\u00e9izar de la abuela: \u00a1su valor es incalculable! - plantascuidadoytrucos.com","isPartOf":{"@id":"https:\/\/plantascuidadoytrucos.com\/#website"},"primaryImageOfPage":{"@id":"https:\/\/plantascuidadoytrucos.com\/index.php\/2024\/04\/16\/no-todo-el-mundo-recuerda-esta-planta-del-alfeizar-de-la-abuela-su-valor-es-incalculable\/#primaryimage"},"image":{"@id":"https:\/\/plantascuidadoytrucos.com\/index.php\/2024\/04\/16\/no-todo-el-mundo-recuerda-esta-planta-del-alfeizar-de-la-abuela-su-valor-es-incalculable\/#primaryimage"},"thumbnailUrl":"https:\/\/plantascuidadoytrucos.com\/wp-content\/uploads\/2024\/04\/geranium-6398321_1280.jpg","datePublished":"2024-04-16T16:17:58+00:00","dateModified":"2024-04-16T16:18:00+00:00","breadcrumb":{"@id":"https:\/\/plantascuidadoytrucos.com\/index.php\/2024\/04\/16\/no-todo-el-mundo-recuerda-esta-planta-del-alfeizar-de-la-abuela-su-valor-es-incalculable\/#breadcrumb"},"inLanguage":"es","potentialAction":[{"@type":"ReadAction","target":["https:\/\/plantascuidadoytrucos.com\/index.php\/2024\/04\/16\/no-todo-el-mundo-recuerda-esta-planta-del-alfeizar-de-la-abuela-su-valor-es-incalculable\/"]}]},{"@type":"ImageObject","inLanguage":"es","@id":"https:\/\/plantascuidadoytrucos.com\/index.php\/2024\/04\/16\/no-todo-el-mundo-recuerda-esta-planta-del-alfeizar-de-la-abuela-su-valor-es-incalculable\/#primaryimage","url":"https:\/\/plantascuidadoytrucos.com\/wp-content\/uploads\/2024\/04\/geranium-6398321_1280.jpg","contentUrl":"https:\/\/plantascuidadoytrucos.com\/wp-content\/uploads\/2024\/04\/geranium-6398321_1280.jpg","width":1280,"height":852},{"@type":"BreadcrumbList","@id":"https:\/\/plantascuidadoytrucos.com\/index.php\/2024\/04\/16\/no-todo-el-mundo-recuerda-esta-planta-del-alfeizar-de-la-abuela-su-valor-es-incalculable\/#breadcrumb","itemListElement":[{"@type":"ListItem","position":1,"name":"Home","item":"https:\/\/plantascuidadoytrucos.com\/"},{"@type":"ListItem","position":2,"name":"No todo el mundo recuerda esta PLANTA del alf\u00e9izar de la abuela: \u00a1su valor es incalculable!"}]},{"@type":"WebSite","@id":"https:\/\/plantascuidadoytrucos.com\/#website","url":"https:\/\/plantascuidadoytrucos.com\/","name":"plantascuidadoytrucos.com","description":"","publisher":{"@id":"https:\/\/plantascuidadoytrucos.com\/#organization"},"potentialAction":[{"@type":"SearchAction","target":{"@type":"EntryPoint","urlTemplate":"https:\/\/plantascuidadoytrucos.com\/?s={search_term_string}"},"query-input":"required name=search_term_string"}],"inLanguage":"es"},{"@type":"Organization","@id":"https:\/\/plantascuidadoytrucos.com\/#organization","name":"plantascuidadoytrucos.com","url":"https:\/\/plantascuidadoytrucos.com\/","logo":{"@type":"ImageObject","inLanguage":"es","@id":"https:\/\/plantascuidadoytrucos.com\/#\/schema\/logo\/image\/","url":"https:\/\/plantascuidadoytrucos.com\/wp-content\/uploads\/2024\/02\/ezgif-2-0ceaa026ca-removebg-preview.png","contentUrl":"https:\/\/plantascuidadoytrucos.com\/wp-content\/uploads\/2024\/02\/ezgif-2-0ceaa026ca-removebg-preview.png","width":500,"height":500,"caption":"plantascuidadoytrucos.com"},"image":{"@id":"https:\/\/plantascuidadoytrucos.com\/#\/schema\/logo\/image\/"}},{"@type":"Person","@id":"https:\/\/plantascuidadoytrucos.com\/#\/schema\/person\/507b9e070224686f76f184e21c910f3c","name":"plantascuidadoytrucos","image":{"@type":"ImageObject","inLanguage":"es","@id":"https:\/\/plantascuidadoytrucos.com\/#\/schema\/person\/image\/","url":"https:\/\/plantascuidadoytrucos.com\/wp-content\/litespeed\/avatar\/327b467f4abbccd196869b61870429f0.jpg?ver=1776892195","contentUrl":"https:\/\/plantascuidadoytrucos.com\/wp-content\/litespeed\/avatar\/327b467f4abbccd196869b61870429f0.jpg?ver=1776892195","caption":"plantascuidadoytrucos"},"url":"https:\/\/plantascuidadoytrucos.com\/index.php\/author\/plantascuidadoytrucos\/"}]}},"_links":{"self":[{"href":"https:\/\/plantascuidadoytrucos.com\/index.php\/wp-json\/wp\/v2\/posts\/5200"}],"collection":[{"href":"https:\/\/plantascuidadoytrucos.com\/index.php\/wp-json\/wp\/v2\/posts"}],"about":[{"href":"https:\/\/plantascuidadoytrucos.com\/index.php\/wp-json\/wp\/v2\/types\/post"}],"author":[{"embeddable":true,"href":"https:\/\/plantascuidadoytrucos.com\/index.php\/wp-json\/wp\/v2\/users\/2"}],"replies":[{"embeddable":true,"href":"https:\/\/plantascuidadoytrucos.com\/index.php\/wp-json\/wp\/v2\/comments?post=5200"}],"version-history":[{"count":1,"href":"https:\/\/plantascuidadoytrucos.com\/index.php\/wp-json\/wp\/v2\/posts\/5200\/revisions"}],"predecessor-version":[{"id":5203,"href":"https:\/\/plantascuidadoytrucos.com\/index.php\/wp-json\/wp\/v2\/posts\/5200\/revisions\/5203"}],"wp:featuredmedia":[{"embeddable":true,"href":"https:\/\/plantascuidadoytrucos.com\/index.php\/wp-json\/wp\/v2\/media\/5202"}],"wp:attachment":[{"href":"https:\/\/plantascuidadoytrucos.com\/index.php\/wp-json\/wp\/v2\/media?parent=5200"}],"wp:term":[{"taxonomy":"category","embeddable":true,"href":"https:\/\/plantascuidadoytrucos.com\/index.php\/wp-json\/wp\/v2\/categories?post=5200"},{"taxonomy":"post_tag","embeddable":true,"href":"https:\/\/plantascuidadoytrucos.com\/index.php\/wp-json\/wp\/v2\/tags?post=5200"}],"curies":[{"name":"wp","href":"https:\/\/api.w.org\/{rel}","templated":true}]}}