{"id":5224,"date":"2024-04-16T19:34:29","date_gmt":"2024-04-16T19:34:29","guid":{"rendered":"https:\/\/plantascuidadoytrucos.com\/?p=5224"},"modified":"2024-04-16T19:34:30","modified_gmt":"2024-04-16T19:34:30","slug":"como-propagar-cultivar-clavel-del-poeta-minutisa-y-sus-cuidados","status":"publish","type":"post","link":"https:\/\/plantascuidadoytrucos.com\/index.php\/2024\/04\/16\/como-propagar-cultivar-clavel-del-poeta-minutisa-y-sus-cuidados\/","title":{"rendered":"C\u00f3mo propagar, cultivar Clavel del poeta (minutisa) y sus cuidados"},"content":{"rendered":"\n<h3 class=\"wp-block-heading\" id=\"h-el-encanto-del-clavel-del-poeta-cultivo-y-cuidados\">El Encanto del Clavel del Poeta: Cultivo y Cuidados<\/h3>\n\n\n\n<p>El clavel del poeta, tambi\u00e9n conocido como Dianthus barbatus o Minutisa, es una de las flores m\u00e1s encantadoras que puedes cultivar en tu jard\u00edn. Descubre c\u00f3mo sembrar, propagar y cuidar esta belleza bot\u00e1nica para disfrutar de sus colores vibrantes y su fragancia exquisita.<\/p>\n\n\n\n<h4 class=\"wp-block-heading\" id=\"h-acerca-del-clavel-del-poeta\">Acerca del Clavel del Poeta<\/h4>\n\n\n\n<p>El clavel del poeta pertenece al g\u00e9nero Dianthus, relacionado con la familia de las rosas. Estas flores bienales pueden tardar hasta dos a\u00f1os en florecer y prosperan en climas templados o c\u00e1lidos con plena exposici\u00f3n al sol. Alcanzan una altura de 30 a 60 cm y atraen a abejas, p\u00e1jaros, mariposas y colibr\u00edes con su dulce aroma similar al clavo de olor.<\/p>\n\n\n\n<p>Las flores del clavel del poeta tienen cinco p\u00e9talos dentados y vienen en una variedad de colores, desde blanco hasta rosa, rojo y p\u00farpura, incluyendo combinaciones bicolores.<\/p>\n\n\n\n<h4 class=\"wp-block-heading\" id=\"h-cultivar-clavel-del-poeta-a-partir-de-semillas\">Cultivar Clavel del Poeta a Partir de Semillas<\/h4>\n\n\n\n<p>La siembra de semillas de clavel del poeta es simple y gratificante. Siembra las semillas directamente en tu jard\u00edn despu\u00e9s de la \u00faltima helada, a una profundidad de no m\u00e1s de 1 cm y a 5 cm de distancia. Mant\u00e9n la tierra h\u00fameda durante la germinaci\u00f3n, que puede tardar aproximadamente diez d\u00edas. Las plantas necesitan espacio para una buena circulaci\u00f3n de aire, as\u00ed que aseg\u00farate de espaciarlas 30 cm entre s\u00ed.<\/p>\n\n\n\n<p>Recuerda que el clavel del poeta tarda dos temporadas en florecer, con un a\u00f1o dedicado al crecimiento de hojas y otro a la floraci\u00f3n.<\/p>\n\n\n\n<h4 class=\"wp-block-heading\" id=\"h-propagacion-por-esquejes-tallos\">Propagaci\u00f3n por Esquejes (Tallos)<\/h4>\n\n\n\n<p>El clavel del poeta tambi\u00e9n se puede propagar por esquejes. Corta tallos de al menos 15 cm de largo con un par de hojas, eliminando cualquier flor o follaje por debajo del nivel del suelo. Sum\u00e9rgelos en hormona de enraizamiento (opcional), pl\u00e1ntalos en tierra humedecida y mantenla siempre h\u00fameda hasta que echen ra\u00edces. Col\u00f3calos en un lugar con luz indirecta y espera de dos a cuatro semanas para que echen ra\u00edces.<\/p>\n\n\n\n<h4 class=\"wp-block-heading\" id=\"h-plantacion-y-cuidados-del-clavel-del-poeta\">Plantaci\u00f3n y Cuidados del Clavel del Poeta<\/h4>\n\n\n\n<p>Planta tus claveles del poeta en primavera o verano, despu\u00e9s de la \u00faltima helada, en suelos bien drenados y a pleno sol. Ri\u00e9galos aproximadamente una vez por semana y a\u00f1ade mantillo alrededor de las plantas para conservar la humedad y reducir las malas hierbas. Ab\u00f3nalos cada dos meses con un fertilizante multiuso para fomentar su crecimiento.<\/p>\n\n\n\n<p>Es beneficioso cortar las flores marchitas para promover una floraci\u00f3n continua. Las plantas se resembrar\u00e1n por s\u00ed solas, lo que garantiza m\u00e1s flores cada a\u00f1o.<\/p>\n\n\n\n<h4 class=\"wp-block-heading\" id=\"h-cultivo-en-macetas\">Cultivo en Macetas<\/h4>\n\n\n\n<p>El clavel del poeta es ideal para macetas. Utiliza tierra para macetas con compost y aseg\u00farate de regar regularmente, ya que las plantas en macetas se secan m\u00e1s r\u00e1pido. Durante el invierno, protege las macetas del fr\u00edo y proporci\u00f3nales luz indirecta.<\/p>\n\n\n\n<h4 class=\"wp-block-heading\" id=\"h-cuidados-especiales\">Cuidados Especiales<\/h4>\n\n\n\n<p>Una vez establecido, el clavel del poeta es resistente, pero requiere riego semanal y abono cada dos meses. Evita el suelo excesivamente h\u00famedo para prevenir enfermedades f\u00fangicas y controla la presencia de nematodos en el suelo, que pueden afectar negativamente a la planta.<\/p>\n\n\n\n<p>Con estos consejos, podr\u00e1s disfrutar de la belleza y fragancia del clavel del poeta en tu jard\u00edn o en macetas, a\u00f1adiendo un toque encantador y colorido a tu espacio verde.<br><\/p>\n","protected":false},"excerpt":{"rendered":"<p>El Encanto del Clavel del Poeta: Cultivo y Cuidados El clavel del poeta, tambi\u00e9n conocido como Dianthus barbatus o Minutisa, es una de las flores m\u00e1s encantadoras que puedes cultivar &#8230; <\/p>\n<p class=\"read-more-container\"><a title=\"C\u00f3mo propagar, cultivar Clavel del poeta (minutisa) y sus cuidados\" class=\"read-more button\" href=\"https:\/\/plantascuidadoytrucos.com\/index.php\/2024\/04\/16\/como-propagar-cultivar-clavel-del-poeta-minutisa-y-sus-cuidados\/#more-5224\" aria-label=\"Leer m\u00e1s sobre C\u00f3mo propagar, cultivar Clavel del poeta (minutisa) y sus cuidados\">Learn more<\/a><\/p>\n","protected":false},"author":2,"featured_media":5226,"comment_status":"open","ping_status":"open","sticky":false,"template":"","format":"standard","meta":{"footnotes":""},"categories":[2],"tags":[],"yoast_head":"<!-- This site is optimized with the Yoast SEO Premium plugin v20.5 (Yoast SEO v23.0) - https:\/\/yoast.com\/wordpress\/plugins\/seo\/ -->\n<title>C\u00f3mo propagar, cultivar Clavel del poeta (minutisa) y sus cuidados - plantascuidadoytrucos.com<\/title>\n<meta name=\"robots\" content=\"index, follow, max-snippet:-1, max-image-preview:large, max-video-preview:-1\" \/>\n<link rel=\"canonical\" href=\"https:\/\/plantascuidadoytrucos.com\/index.php\/2024\/04\/16\/como-propagar-cultivar-clavel-del-poeta-minutisa-y-sus-cuidados\/\" \/>\n<meta property=\"og:locale\" content=\"es_ES\" \/>\n<meta property=\"og:type\" content=\"article\" \/>\n<meta property=\"og:title\" content=\"C\u00f3mo propagar, cultivar Clavel del poeta (minutisa) y sus cuidados\" \/>\n<meta property=\"og:description\" content=\"El Encanto del Clavel del Poeta: Cultivo y Cuidados El clavel del poeta, tambi\u00e9n conocido como Dianthus barbatus o Minutisa, es una de las flores m\u00e1s encantadoras que puedes cultivar ... Learn more\" \/>\n<meta property=\"og:url\" content=\"https:\/\/plantascuidadoytrucos.com\/index.php\/2024\/04\/16\/como-propagar-cultivar-clavel-del-poeta-minutisa-y-sus-cuidados\/\" \/>\n<meta property=\"og:site_name\" content=\"plantascuidadoytrucos.com\" \/>\n<meta property=\"article:published_time\" content=\"2024-04-16T19:34:29+00:00\" \/>\n<meta property=\"article:modified_time\" content=\"2024-04-16T19:34:30+00:00\" \/>\n<meta property=\"og:image\" content=\"http:\/\/plantascuidadoytrucos.com\/wp-content\/uploads\/2024\/04\/Clavel-del-poeta.jpg\" \/>\n\t<meta property=\"og:image:width\" content=\"730\" \/>\n\t<meta property=\"og:image:height\" content=\"500\" \/>\n\t<meta property=\"og:image:type\" content=\"image\/jpeg\" \/>\n<meta name=\"author\" content=\"plantascuidadoytrucos\" \/>\n<meta name=\"twitter:card\" content=\"summary_large_image\" \/>\n<meta name=\"twitter:label1\" content=\"Escrito por\" \/>\n\t<meta name=\"twitter:data1\" content=\"plantascuidadoytrucos\" \/>\n\t<meta name=\"twitter:label2\" content=\"Tiempo de lectura\" \/>\n\t<meta name=\"twitter:data2\" content=\"3 minutos\" \/>\n<script type=\"application\/ld+json\" class=\"yoast-schema-graph\">{\"@context\":\"https:\/\/schema.org\",\"@graph\":[{\"@type\":\"Article\",\"@id\":\"https:\/\/plantascuidadoytrucos.com\/index.php\/2024\/04\/16\/como-propagar-cultivar-clavel-del-poeta-minutisa-y-sus-cuidados\/#article\",\"isPartOf\":{\"@id\":\"https:\/\/plantascuidadoytrucos.com\/index.php\/2024\/04\/16\/como-propagar-cultivar-clavel-del-poeta-minutisa-y-sus-cuidados\/\"},\"author\":{\"name\":\"plantascuidadoytrucos\",\"@id\":\"https:\/\/plantascuidadoytrucos.com\/#\/schema\/person\/507b9e070224686f76f184e21c910f3c\"},\"headline\":\"C\u00f3mo propagar, cultivar Clavel del poeta (minutisa) y sus cuidados\",\"datePublished\":\"2024-04-16T19:34:29+00:00\",\"dateModified\":\"2024-04-16T19:34:30+00:00\",\"mainEntityOfPage\":{\"@id\":\"https:\/\/plantascuidadoytrucos.com\/index.php\/2024\/04\/16\/como-propagar-cultivar-clavel-del-poeta-minutisa-y-sus-cuidados\/\"},\"wordCount\":587,\"commentCount\":0,\"publisher\":{\"@id\":\"https:\/\/plantascuidadoytrucos.com\/#organization\"},\"image\":{\"@id\":\"https:\/\/plantascuidadoytrucos.com\/index.php\/2024\/04\/16\/como-propagar-cultivar-clavel-del-poeta-minutisa-y-sus-cuidados\/#primaryimage\"},\"thumbnailUrl\":\"https:\/\/plantascuidadoytrucos.com\/wp-content\/uploads\/2024\/04\/Clavel-del-poeta.jpg\",\"articleSection\":[\"Jard\u00edn Interior\"],\"inLanguage\":\"es\",\"potentialAction\":[{\"@type\":\"CommentAction\",\"name\":\"Comment\",\"target\":[\"https:\/\/plantascuidadoytrucos.com\/index.php\/2024\/04\/16\/como-propagar-cultivar-clavel-del-poeta-minutisa-y-sus-cuidados\/#respond\"]}]},{\"@type\":\"WebPage\",\"@id\":\"https:\/\/plantascuidadoytrucos.com\/index.php\/2024\/04\/16\/como-propagar-cultivar-clavel-del-poeta-minutisa-y-sus-cuidados\/\",\"url\":\"https:\/\/plantascuidadoytrucos.com\/index.php\/2024\/04\/16\/como-propagar-cultivar-clavel-del-poeta-minutisa-y-sus-cuidados\/\",\"name\":\"C\u00f3mo propagar, cultivar Clavel del poeta (minutisa) y sus cuidados - plantascuidadoytrucos.com\",\"isPartOf\":{\"@id\":\"https:\/\/plantascuidadoytrucos.com\/#website\"},\"primaryImageOfPage\":{\"@id\":\"https:\/\/plantascuidadoytrucos.com\/index.php\/2024\/04\/16\/como-propagar-cultivar-clavel-del-poeta-minutisa-y-sus-cuidados\/#primaryimage\"},\"image\":{\"@id\":\"https:\/\/plantascuidadoytrucos.com\/index.php\/2024\/04\/16\/como-propagar-cultivar-clavel-del-poeta-minutisa-y-sus-cuidados\/#primaryimage\"},\"thumbnailUrl\":\"https:\/\/plantascuidadoytrucos.com\/wp-content\/uploads\/2024\/04\/Clavel-del-poeta.jpg\",\"datePublished\":\"2024-04-16T19:34:29+00:00\",\"dateModified\":\"2024-04-16T19:34:30+00:00\",\"breadcrumb\":{\"@id\":\"https:\/\/plantascuidadoytrucos.com\/index.php\/2024\/04\/16\/como-propagar-cultivar-clavel-del-poeta-minutisa-y-sus-cuidados\/#breadcrumb\"},\"inLanguage\":\"es\",\"potentialAction\":[{\"@type\":\"ReadAction\",\"target\":[\"https:\/\/plantascuidadoytrucos.com\/index.php\/2024\/04\/16\/como-propagar-cultivar-clavel-del-poeta-minutisa-y-sus-cuidados\/\"]}]},{\"@type\":\"ImageObject\",\"inLanguage\":\"es\",\"@id\":\"https:\/\/plantascuidadoytrucos.com\/index.php\/2024\/04\/16\/como-propagar-cultivar-clavel-del-poeta-minutisa-y-sus-cuidados\/#primaryimage\",\"url\":\"https:\/\/plantascuidadoytrucos.com\/wp-content\/uploads\/2024\/04\/Clavel-del-poeta.jpg\",\"contentUrl\":\"https:\/\/plantascuidadoytrucos.com\/wp-content\/uploads\/2024\/04\/Clavel-del-poeta.jpg\",\"width\":730,\"height\":500},{\"@type\":\"BreadcrumbList\",\"@id\":\"https:\/\/plantascuidadoytrucos.com\/index.php\/2024\/04\/16\/como-propagar-cultivar-clavel-del-poeta-minutisa-y-sus-cuidados\/#breadcrumb\",\"itemListElement\":[{\"@type\":\"ListItem\",\"position\":1,\"name\":\"Home\",\"item\":\"https:\/\/plantascuidadoytrucos.com\/\"},{\"@type\":\"ListItem\",\"position\":2,\"name\":\"C\u00f3mo propagar, cultivar Clavel del poeta (minutisa) y sus cuidados\"}]},{\"@type\":\"WebSite\",\"@id\":\"https:\/\/plantascuidadoytrucos.com\/#website\",\"url\":\"https:\/\/plantascuidadoytrucos.com\/\",\"name\":\"plantascuidadoytrucos.com\",\"description\":\"\",\"publisher\":{\"@id\":\"https:\/\/plantascuidadoytrucos.com\/#organization\"},\"potentialAction\":[{\"@type\":\"SearchAction\",\"target\":{\"@type\":\"EntryPoint\",\"urlTemplate\":\"https:\/\/plantascuidadoytrucos.com\/?s={search_term_string}\"},\"query-input\":\"required name=search_term_string\"}],\"inLanguage\":\"es\"},{\"@type\":\"Organization\",\"@id\":\"https:\/\/plantascuidadoytrucos.com\/#organization\",\"name\":\"plantascuidadoytrucos.com\",\"url\":\"https:\/\/plantascuidadoytrucos.com\/\",\"logo\":{\"@type\":\"ImageObject\",\"inLanguage\":\"es\",\"@id\":\"https:\/\/plantascuidadoytrucos.com\/#\/schema\/logo\/image\/\",\"url\":\"https:\/\/plantascuidadoytrucos.com\/wp-content\/uploads\/2024\/02\/ezgif-2-0ceaa026ca-removebg-preview.png\",\"contentUrl\":\"https:\/\/plantascuidadoytrucos.com\/wp-content\/uploads\/2024\/02\/ezgif-2-0ceaa026ca-removebg-preview.png\",\"width\":500,\"height\":500,\"caption\":\"plantascuidadoytrucos.com\"},\"image\":{\"@id\":\"https:\/\/plantascuidadoytrucos.com\/#\/schema\/logo\/image\/\"}},{\"@type\":\"Person\",\"@id\":\"https:\/\/plantascuidadoytrucos.com\/#\/schema\/person\/507b9e070224686f76f184e21c910f3c\",\"name\":\"plantascuidadoytrucos\",\"image\":{\"@type\":\"ImageObject\",\"inLanguage\":\"es\",\"@id\":\"https:\/\/plantascuidadoytrucos.com\/#\/schema\/person\/image\/\",\"url\":\"https:\/\/plantascuidadoytrucos.com\/wp-content\/litespeed\/avatar\/327b467f4abbccd196869b61870429f0.jpg?ver=1777497262\",\"contentUrl\":\"https:\/\/plantascuidadoytrucos.com\/wp-content\/litespeed\/avatar\/327b467f4abbccd196869b61870429f0.jpg?ver=1777497262\",\"caption\":\"plantascuidadoytrucos\"},\"url\":\"https:\/\/plantascuidadoytrucos.com\/index.php\/author\/plantascuidadoytrucos\/\"}]}<\/script>\n<!-- \/ Yoast SEO Premium plugin. -->","yoast_head_json":{"title":"C\u00f3mo propagar, cultivar Clavel del poeta (minutisa) y sus cuidados - plantascuidadoytrucos.com","robots":{"index":"index","follow":"follow","max-snippet":"max-snippet:-1","max-image-preview":"max-image-preview:large","max-video-preview":"max-video-preview:-1"},"canonical":"https:\/\/plantascuidadoytrucos.com\/index.php\/2024\/04\/16\/como-propagar-cultivar-clavel-del-poeta-minutisa-y-sus-cuidados\/","og_locale":"es_ES","og_type":"article","og_title":"C\u00f3mo propagar, cultivar Clavel del poeta (minutisa) y sus cuidados","og_description":"El Encanto del Clavel del Poeta: Cultivo y Cuidados El clavel del poeta, tambi\u00e9n conocido como Dianthus barbatus o Minutisa, es una de las flores m\u00e1s encantadoras que puedes cultivar ... Learn more","og_url":"https:\/\/plantascuidadoytrucos.com\/index.php\/2024\/04\/16\/como-propagar-cultivar-clavel-del-poeta-minutisa-y-sus-cuidados\/","og_site_name":"plantascuidadoytrucos.com","article_published_time":"2024-04-16T19:34:29+00:00","article_modified_time":"2024-04-16T19:34:30+00:00","og_image":[{"width":730,"height":500,"url":"http:\/\/plantascuidadoytrucos.com\/wp-content\/uploads\/2024\/04\/Clavel-del-poeta.jpg","type":"image\/jpeg"}],"author":"plantascuidadoytrucos","twitter_card":"summary_large_image","twitter_misc":{"Escrito por":"plantascuidadoytrucos","Tiempo de lectura":"3 minutos"},"schema":{"@context":"https:\/\/schema.org","@graph":[{"@type":"Article","@id":"https:\/\/plantascuidadoytrucos.com\/index.php\/2024\/04\/16\/como-propagar-cultivar-clavel-del-poeta-minutisa-y-sus-cuidados\/#article","isPartOf":{"@id":"https:\/\/plantascuidadoytrucos.com\/index.php\/2024\/04\/16\/como-propagar-cultivar-clavel-del-poeta-minutisa-y-sus-cuidados\/"},"author":{"name":"plantascuidadoytrucos","@id":"https:\/\/plantascuidadoytrucos.com\/#\/schema\/person\/507b9e070224686f76f184e21c910f3c"},"headline":"C\u00f3mo propagar, cultivar Clavel del poeta (minutisa) y sus cuidados","datePublished":"2024-04-16T19:34:29+00:00","dateModified":"2024-04-16T19:34:30+00:00","mainEntityOfPage":{"@id":"https:\/\/plantascuidadoytrucos.com\/index.php\/2024\/04\/16\/como-propagar-cultivar-clavel-del-poeta-minutisa-y-sus-cuidados\/"},"wordCount":587,"commentCount":0,"publisher":{"@id":"https:\/\/plantascuidadoytrucos.com\/#organization"},"image":{"@id":"https:\/\/plantascuidadoytrucos.com\/index.php\/2024\/04\/16\/como-propagar-cultivar-clavel-del-poeta-minutisa-y-sus-cuidados\/#primaryimage"},"thumbnailUrl":"https:\/\/plantascuidadoytrucos.com\/wp-content\/uploads\/2024\/04\/Clavel-del-poeta.jpg","articleSection":["Jard\u00edn Interior"],"inLanguage":"es","potentialAction":[{"@type":"CommentAction","name":"Comment","target":["https:\/\/plantascuidadoytrucos.com\/index.php\/2024\/04\/16\/como-propagar-cultivar-clavel-del-poeta-minutisa-y-sus-cuidados\/#respond"]}]},{"@type":"WebPage","@id":"https:\/\/plantascuidadoytrucos.com\/index.php\/2024\/04\/16\/como-propagar-cultivar-clavel-del-poeta-minutisa-y-sus-cuidados\/","url":"https:\/\/plantascuidadoytrucos.com\/index.php\/2024\/04\/16\/como-propagar-cultivar-clavel-del-poeta-minutisa-y-sus-cuidados\/","name":"C\u00f3mo propagar, cultivar Clavel del poeta (minutisa) y sus cuidados - plantascuidadoytrucos.com","isPartOf":{"@id":"https:\/\/plantascuidadoytrucos.com\/#website"},"primaryImageOfPage":{"@id":"https:\/\/plantascuidadoytrucos.com\/index.php\/2024\/04\/16\/como-propagar-cultivar-clavel-del-poeta-minutisa-y-sus-cuidados\/#primaryimage"},"image":{"@id":"https:\/\/plantascuidadoytrucos.com\/index.php\/2024\/04\/16\/como-propagar-cultivar-clavel-del-poeta-minutisa-y-sus-cuidados\/#primaryimage"},"thumbnailUrl":"https:\/\/plantascuidadoytrucos.com\/wp-content\/uploads\/2024\/04\/Clavel-del-poeta.jpg","datePublished":"2024-04-16T19:34:29+00:00","dateModified":"2024-04-16T19:34:30+00:00","breadcrumb":{"@id":"https:\/\/plantascuidadoytrucos.com\/index.php\/2024\/04\/16\/como-propagar-cultivar-clavel-del-poeta-minutisa-y-sus-cuidados\/#breadcrumb"},"inLanguage":"es","potentialAction":[{"@type":"ReadAction","target":["https:\/\/plantascuidadoytrucos.com\/index.php\/2024\/04\/16\/como-propagar-cultivar-clavel-del-poeta-minutisa-y-sus-cuidados\/"]}]},{"@type":"ImageObject","inLanguage":"es","@id":"https:\/\/plantascuidadoytrucos.com\/index.php\/2024\/04\/16\/como-propagar-cultivar-clavel-del-poeta-minutisa-y-sus-cuidados\/#primaryimage","url":"https:\/\/plantascuidadoytrucos.com\/wp-content\/uploads\/2024\/04\/Clavel-del-poeta.jpg","contentUrl":"https:\/\/plantascuidadoytrucos.com\/wp-content\/uploads\/2024\/04\/Clavel-del-poeta.jpg","width":730,"height":500},{"@type":"BreadcrumbList","@id":"https:\/\/plantascuidadoytrucos.com\/index.php\/2024\/04\/16\/como-propagar-cultivar-clavel-del-poeta-minutisa-y-sus-cuidados\/#breadcrumb","itemListElement":[{"@type":"ListItem","position":1,"name":"Home","item":"https:\/\/plantascuidadoytrucos.com\/"},{"@type":"ListItem","position":2,"name":"C\u00f3mo propagar, cultivar Clavel del poeta (minutisa) y sus cuidados"}]},{"@type":"WebSite","@id":"https:\/\/plantascuidadoytrucos.com\/#website","url":"https:\/\/plantascuidadoytrucos.com\/","name":"plantascuidadoytrucos.com","description":"","publisher":{"@id":"https:\/\/plantascuidadoytrucos.com\/#organization"},"potentialAction":[{"@type":"SearchAction","target":{"@type":"EntryPoint","urlTemplate":"https:\/\/plantascuidadoytrucos.com\/?s={search_term_string}"},"query-input":"required name=search_term_string"}],"inLanguage":"es"},{"@type":"Organization","@id":"https:\/\/plantascuidadoytrucos.com\/#organization","name":"plantascuidadoytrucos.com","url":"https:\/\/plantascuidadoytrucos.com\/","logo":{"@type":"ImageObject","inLanguage":"es","@id":"https:\/\/plantascuidadoytrucos.com\/#\/schema\/logo\/image\/","url":"https:\/\/plantascuidadoytrucos.com\/wp-content\/uploads\/2024\/02\/ezgif-2-0ceaa026ca-removebg-preview.png","contentUrl":"https:\/\/plantascuidadoytrucos.com\/wp-content\/uploads\/2024\/02\/ezgif-2-0ceaa026ca-removebg-preview.png","width":500,"height":500,"caption":"plantascuidadoytrucos.com"},"image":{"@id":"https:\/\/plantascuidadoytrucos.com\/#\/schema\/logo\/image\/"}},{"@type":"Person","@id":"https:\/\/plantascuidadoytrucos.com\/#\/schema\/person\/507b9e070224686f76f184e21c910f3c","name":"plantascuidadoytrucos","image":{"@type":"ImageObject","inLanguage":"es","@id":"https:\/\/plantascuidadoytrucos.com\/#\/schema\/person\/image\/","url":"https:\/\/plantascuidadoytrucos.com\/wp-content\/litespeed\/avatar\/327b467f4abbccd196869b61870429f0.jpg?ver=1777497262","contentUrl":"https:\/\/plantascuidadoytrucos.com\/wp-content\/litespeed\/avatar\/327b467f4abbccd196869b61870429f0.jpg?ver=1777497262","caption":"plantascuidadoytrucos"},"url":"https:\/\/plantascuidadoytrucos.com\/index.php\/author\/plantascuidadoytrucos\/"}]}},"_links":{"self":[{"href":"https:\/\/plantascuidadoytrucos.com\/index.php\/wp-json\/wp\/v2\/posts\/5224"}],"collection":[{"href":"https:\/\/plantascuidadoytrucos.com\/index.php\/wp-json\/wp\/v2\/posts"}],"about":[{"href":"https:\/\/plantascuidadoytrucos.com\/index.php\/wp-json\/wp\/v2\/types\/post"}],"author":[{"embeddable":true,"href":"https:\/\/plantascuidadoytrucos.com\/index.php\/wp-json\/wp\/v2\/users\/2"}],"replies":[{"embeddable":true,"href":"https:\/\/plantascuidadoytrucos.com\/index.php\/wp-json\/wp\/v2\/comments?post=5224"}],"version-history":[{"count":1,"href":"https:\/\/plantascuidadoytrucos.com\/index.php\/wp-json\/wp\/v2\/posts\/5224\/revisions"}],"predecessor-version":[{"id":5227,"href":"https:\/\/plantascuidadoytrucos.com\/index.php\/wp-json\/wp\/v2\/posts\/5224\/revisions\/5227"}],"wp:featuredmedia":[{"embeddable":true,"href":"https:\/\/plantascuidadoytrucos.com\/index.php\/wp-json\/wp\/v2\/media\/5226"}],"wp:attachment":[{"href":"https:\/\/plantascuidadoytrucos.com\/index.php\/wp-json\/wp\/v2\/media?parent=5224"}],"wp:term":[{"taxonomy":"category","embeddable":true,"href":"https:\/\/plantascuidadoytrucos.com\/index.php\/wp-json\/wp\/v2\/categories?post=5224"},{"taxonomy":"post_tag","embeddable":true,"href":"https:\/\/plantascuidadoytrucos.com\/index.php\/wp-json\/wp\/v2\/tags?post=5224"}],"curies":[{"name":"wp","href":"https:\/\/api.w.org\/{rel}","templated":true}]}}